{"id":19143,"__str__":"PARECER SOBRE MAT\u00c9RIA n\u00ba 1 de 2026 | Proposi\u00e7\u00e3o inclusa na Ordem do Dia (Vota\u00e7\u00e3o \u00danica) | 28/04/2026","link_detail_backend":"/materia/tramitacao/19143","metadata":{},"timestamp":"2026-04-28T13:48:32.563104-03:00","data_tramitacao":"2026-04-28","data_encaminhamento":"2026-04-29","urgente":false,"turno":"U","texto":"Proposi\u00e7\u00e3o inclusa na Ordem do Dia da pr\u00f3xima sess\u00e3o plen\u00e1ria. Aguardando Vota\u00e7\u00e3o \u00danica.","data_fim_prazo":null,"ip":"168.197.114.169","ultima_edicao":"2026-04-28T13:47:54.161516-03:00","status":56,"materia":4796,"unidade_tramitacao_local":2,"unidade_tramitacao_destino":2,"user":14}